{"id":4261,"date":"2026-04-24T13:42:57","date_gmt":"2026-04-24T13:42:57","guid":{"rendered":"https:\/\/abora.eu\/?p=4261"},"modified":"2026-04-29T09:50:29","modified_gmt":"2026-04-29T09:50:29","slug":"traurige-erinnerungen-an-abora","status":"publish","type":"post","link":"https:\/\/abora.eu\/en\/traurige-erinnerungen-an-abora\/","title":{"rendered":"Sad Memories of ABORA I - The Arson Attack in Auligk near Pegau, 2000"},"content":{"rendered":"<p>After its widely acclaimed appearance at the BOOT D\u00fcsseldorf in 2000, a new chapter seemed to begin for ABORA I. The reed boat\u2014symbol of a bold research vision\u2014was exhibited at the D\u00fcsseldorf Boat Show, tangible and close to the public. But just two weeks after its return, the unimaginable happened.<\/p>\n<p>On a night that would change everything, ABORA I fell victim to an arson attack.<br \/>\nThe flames did not only destroy a vessel\u2014they struck at a vision. Through former FDP leader Guido Westerwelle, we had just established our first contacts with major sponsors.\nThey were ready to support us. One sponsor even envisioned ABORA I being restored to open the Olympic Games in Athens in 2004\u2026<\/p>\n<p>Then came the devastating news: unknown perpetrators set fire to ABORA I \u2013 casting us back into the Stone Age. The damage reached into the millions. And in the wake of the negative headlines, no one was willing to collaborate with us anymore.<\/p>\n<p>What began as a setback became a turning point.<br \/>\nFrom the ashes of ABORA I, something greater emerged:<br \/>\nan unbreakable determination to rediscover history\u2014\nand to continue the journey.<\/p>\n<p><img loading=\"lazy\" decoding=\"async\" class=\"alignnone wp-image-4273 size-large\" src=\"https:\/\/abora.eu\/wp-content\/uploads\/Bild-01-679x1024.jpg\" alt=\"\" width=\"679\" height=\"1024\" \/><\/p>\n<p>The ABORA I was built in Germany and Sardinia between 1997 and 1999. In 1999, she sailed in the western Mediterranean between the islands of Sardinia, Corsica, and Elba, reaching the Italian port city of Piombino. It was our first major expedition. Afterwards, our former sponsor, Turisardo D\u00fcsseldorf, gave us the opportunity to present the salvaged vessel at BOAT 2000.<\/p>\n<p><img loading=\"lazy\" decoding=\"async\" class=\"alignnone wp-image-4268 size-large\" src=\"https:\/\/abora.eu\/wp-content\/uploads\/Bild-02-2-1024x647.webp\" alt=\"\" width=\"1024\" height=\"647\" srcset=\"https:\/\/abora.eu\/wp-content\/uploads\/Bild-02-2-980x619.webp 980w, https:\/\/abora.eu\/wp-content\/uploads\/Bild-02-2-480x303.webp 480w\" sizes=\"(min-width: 0px) and (max-width: 480px) 480px, (min-width: 481px) and (max-width: 980px) 980px, (min-width: 981px) 1024px, 100vw\" \/><\/p>\n<p>The exhibition at BOAT 2000 was a resounding success. However, just two weeks after being transported back to its Saxon home in Auligk near Pegau (close to Leipzig), it fell victim to fire. The police were never able to identify the perpetrators. With this terrible act, however, they had catapulted us back to the Stone Age\u2026<\/p>\n<p><img loading=\"lazy\" decoding=\"async\" class=\"alignnone wp-image-4269 size-large\" src=\"https:\/\/abora.eu\/wp-content\/uploads\/Bild-03-5-707x1024.webp\" alt=\"\" width=\"707\" height=\"1024\" srcset=\"https:\/\/abora.eu\/wp-content\/uploads\/Bild-03-5-707x1024.webp 707w, https:\/\/abora.eu\/wp-content\/uploads\/Bild-03-5-480x696.webp 480w\" sizes=\"(min-width: 0px) and (max-width: 480px) 480px, (min-width: 481px) 707px, 100vw\" \/><\/p>\n<p>The exhibition in D\u00fcsseldorf was a great success. We received several offers to continue our expedition on a much larger scale. The Greek company MINOAN LINES even wanted to buy the ABORA I from us for 4 million DM to open the 2004 Olympic Games with it!!! With that sum, we could not only have completely reconstructed the ABORA I, but also opened the Olympic Games in style with a new ABORA II\u2026<\/p>\n<p><img loading=\"lazy\" decoding=\"async\" class=\"alignnone wp-image-4270 size-large\" src=\"https:\/\/abora.eu\/wp-content\/uploads\/Bild-04-2-1024x705.webp\" alt=\"\" width=\"1024\" height=\"705\" srcset=\"https:\/\/abora.eu\/wp-content\/uploads\/Bild-04-2-1024x705.webp 1024w, https:\/\/abora.eu\/wp-content\/uploads\/Bild-04-2-980x675.webp 980w, https:\/\/abora.eu\/wp-content\/uploads\/Bild-04-2-480x330.webp 480w\" sizes=\"(min-width: 0px) and (max-width: 480px) 480px, (min-width: 481px) and (max-width: 980px) 980px, (min-width: 981px) 1024px, 100vw\" \/><\/p>\n<p>One of our newly acquired supporters was the up-and-coming FDP General Secretary Guido Westerwelle. As a Free Democrat, he was completely enthusiastic about the ship, the crew, and the project idea, and persuaded former Telekom CEO Ron Sommer to sponsor us in the future. Due to the negative media coverage, our \"newcomers to sponsorship\" withdrew as quickly as they had arrived! And we bore absolutely no responsibility for the arson attack.<\/p>\n<p><img loading=\"lazy\" decoding=\"async\" class=\"alignnone wp-image-4271 size-large\" src=\"https:\/\/abora.eu\/wp-content\/uploads\/Bild-05-8-1024x678.webp\" alt=\"\" width=\"1024\" height=\"678\" srcset=\"https:\/\/abora.eu\/wp-content\/uploads\/Bild-05-8-980x649.webp 980w, https:\/\/abora.eu\/wp-content\/uploads\/Bild-05-8-480x318.webp 480w\" sizes=\"(min-width: 0px) and (max-width: 480px) 480px, (min-width: 481px) and (max-width: 980px) 980px, (min-width: 981px) 1024px, 100vw\" \/><\/p>\n<p>What a magnificent impression our ABORA I would have made at the opening ceremony in Athens at the Olypmic Games 2004? Apart from a pile of ashes and shattered hopes, we were left with nothing but our confidence to try again with a new project \u2013 the ABORA II.<\/p>\n<p>&nbsp;<\/p>\n<p>&nbsp;<\/p>","protected":false},"excerpt":{"rendered":"<p>Nach ihrem viel beachteten Auftritt auf der BOOT D\u00fcsseldorf im Jahr 2000 schien f\u00fcr die ABORA I ein neues Kapitel zu beginnen. Das Schilfboot, Symbol eines k\u00fchnen Forschungsansatzes, wurde auf der D\u00fcsseldorf BOAT 2000 ausgestellt \u2013 greifbar nah f\u00fcr die Menschen vor Ort. Doch nur zwei Wochen sp\u00e4ter nach ihrem R\u00fccktransport geschah das Unfassbare. In [&hellip;]<\/p>\n","protected":false},"author":3,"featured_media":4262,"comment_status":"closed","ping_status":"closed","sticky":false,"template":"","format":"standard","meta":{"_et_pb_use_builder":"","_et_pb_old_content":"","_et_gb_content_width":"","footnotes":""},"categories":[1],"tags":[],"class_list":["post-4261","post","type-post","status-publish","format-standard","has-post-thumbnail","hentry","category-uncategorized"],"yoast_head":"<!-- This site is optimized with the Yoast SEO plugin v27.4 - https:\/\/yoast.com\/product\/yoast-seo-wordpress\/ -->\n<title>Traurige Erinnerungen an ABORA I Der Brandanschlag in Auligk bei Pegau im Jahr 2000 - Mission Abora<\/title>\n<meta name=\"robots\" content=\"index, follow, max-snippet:-1, max-image-preview:large, max-video-preview:-1\" \/>\n<link rel=\"canonical\" href=\"https:\/\/abora.eu\/en\/traurige-erinnerungen-an-abora\/\" \/>\n<meta property=\"og:locale\" content=\"en_US\" \/>\n<meta property=\"og:type\" content=\"article\" \/>\n<meta property=\"og:title\" content=\"Traurige Erinnerungen an ABORA I Der Brandanschlag in Auligk bei Pegau im Jahr 2000 - Mission Abora\" \/>\n<meta property=\"og:description\" content=\"Nach ihrem viel beachteten Auftritt auf der BOOT D\u00fcsseldorf im Jahr 2000 schien f\u00fcr die ABORA I ein neues Kapitel zu beginnen. Das Schilfboot, Symbol eines k\u00fchnen Forschungsansatzes, wurde auf der D\u00fcsseldorf BOAT 2000 ausgestellt \u2013 greifbar nah f\u00fcr die Menschen vor Ort. Doch nur zwei Wochen sp\u00e4ter nach ihrem R\u00fccktransport geschah das Unfassbare. In [&hellip;]\" \/>\n<meta property=\"og:url\" content=\"https:\/\/abora.eu\/en\/traurige-erinnerungen-an-abora\/\" \/>\n<meta property=\"og:site_name\" content=\"Mission Abora\" \/>\n<meta property=\"article:published_time\" content=\"2026-04-24T13:42:57+00:00\" \/>\n<meta property=\"article:modified_time\" content=\"2026-04-29T09:50:29+00:00\" \/>\n<meta property=\"og:image\" content=\"https:\/\/abora.eu\/wp-content\/uploads\/Bild-05-3.webp\" \/>\n\t<meta property=\"og:image:width\" content=\"1373\" \/>\n\t<meta property=\"og:image:height\" content=\"909\" \/>\n\t<meta property=\"og:image:type\" content=\"image\/webp\" \/>\n<meta name=\"author\" content=\"Dorit Temme\" \/>\n<meta name=\"twitter:card\" content=\"summary_large_image\" \/>\n<meta name=\"twitter:label1\" content=\"Written by\" \/>\n\t<meta name=\"twitter:data1\" content=\"Dorit Temme\" \/>\n\t<meta name=\"twitter:label2\" content=\"Est. reading time\" \/>\n\t<meta name=\"twitter:data2\" content=\"4 minutes\" \/>\n<script type=\"application\/ld+json\" class=\"yoast-schema-graph\">{\"@context\":\"https:\\\/\\\/schema.org\",\"@graph\":[{\"@type\":\"Article\",\"@id\":\"https:\\\/\\\/abora.eu\\\/traurige-erinnerungen-an-abora\\\/#article\",\"isPartOf\":{\"@id\":\"https:\\\/\\\/abora.eu\\\/traurige-erinnerungen-an-abora\\\/\"},\"author\":{\"name\":\"Dorit Temme\",\"@id\":\"https:\\\/\\\/abora.eu\\\/#\\\/schema\\\/person\\\/c37415d8b141bbd16b9c4cef2aee8a71\"},\"headline\":\"Traurige Erinnerungen an ABORA I Der Brandanschlag in Auligk bei Pegau im Jahr 2000\",\"datePublished\":\"2026-04-24T13:42:57+00:00\",\"dateModified\":\"2026-04-29T09:50:29+00:00\",\"mainEntityOfPage\":{\"@id\":\"https:\\\/\\\/abora.eu\\\/traurige-erinnerungen-an-abora\\\/\"},\"wordCount\":518,\"publisher\":{\"@id\":\"https:\\\/\\\/abora.eu\\\/#\\\/schema\\\/person\\\/953dad30d10fa7d560bb90cff0494e14\"},\"image\":{\"@id\":\"https:\\\/\\\/abora.eu\\\/traurige-erinnerungen-an-abora\\\/#primaryimage\"},\"thumbnailUrl\":\"https:\\\/\\\/abora.eu\\\/wp-content\\\/uploads\\\/Bild-05-3.webp\",\"inLanguage\":\"en-US\"},{\"@type\":\"WebPage\",\"@id\":\"https:\\\/\\\/abora.eu\\\/traurige-erinnerungen-an-abora\\\/\",\"url\":\"https:\\\/\\\/abora.eu\\\/traurige-erinnerungen-an-abora\\\/\",\"name\":\"Traurige Erinnerungen an ABORA I Der Brandanschlag in Auligk bei Pegau im Jahr 2000 - Mission Abora\",\"isPartOf\":{\"@id\":\"https:\\\/\\\/abora.eu\\\/#website\"},\"primaryImageOfPage\":{\"@id\":\"https:\\\/\\\/abora.eu\\\/traurige-erinnerungen-an-abora\\\/#primaryimage\"},\"image\":{\"@id\":\"https:\\\/\\\/abora.eu\\\/traurige-erinnerungen-an-abora\\\/#primaryimage\"},\"thumbnailUrl\":\"https:\\\/\\\/abora.eu\\\/wp-content\\\/uploads\\\/Bild-05-3.webp\",\"datePublished\":\"2026-04-24T13:42:57+00:00\",\"dateModified\":\"2026-04-29T09:50:29+00:00\",\"breadcrumb\":{\"@id\":\"https:\\\/\\\/abora.eu\\\/traurige-erinnerungen-an-abora\\\/#breadcrumb\"},\"inLanguage\":\"en-US\",\"potentialAction\":[{\"@type\":\"ReadAction\",\"target\":[\"https:\\\/\\\/abora.eu\\\/traurige-erinnerungen-an-abora\\\/\"]}]},{\"@type\":\"ImageObject\",\"inLanguage\":\"en-US\",\"@id\":\"https:\\\/\\\/abora.eu\\\/traurige-erinnerungen-an-abora\\\/#primaryimage\",\"url\":\"https:\\\/\\\/abora.eu\\\/wp-content\\\/uploads\\\/Bild-05-3.webp\",\"contentUrl\":\"https:\\\/\\\/abora.eu\\\/wp-content\\\/uploads\\\/Bild-05-3.webp\",\"width\":1373,\"height\":909},{\"@type\":\"BreadcrumbList\",\"@id\":\"https:\\\/\\\/abora.eu\\\/traurige-erinnerungen-an-abora\\\/#breadcrumb\",\"itemListElement\":[{\"@type\":\"ListItem\",\"position\":1,\"name\":\"Start\",\"item\":\"https:\\\/\\\/abora.eu\\\/\"},{\"@type\":\"ListItem\",\"position\":2,\"name\":\"Traurige Erinnerungen an ABORA I Der Brandanschlag in Auligk bei Pegau im Jahr 2000\"}]},{\"@type\":\"WebSite\",\"@id\":\"https:\\\/\\\/abora.eu\\\/#website\",\"url\":\"https:\\\/\\\/abora.eu\\\/\",\"name\":\"Mission Abora\",\"description\":\"\",\"publisher\":{\"@id\":\"https:\\\/\\\/abora.eu\\\/#\\\/schema\\\/person\\\/953dad30d10fa7d560bb90cff0494e14\"},\"potentialAction\":[{\"@type\":\"SearchAction\",\"target\":{\"@type\":\"EntryPoint\",\"urlTemplate\":\"https:\\\/\\\/abora.eu\\\/?s={search_term_string}\"},\"query-input\":{\"@type\":\"PropertyValueSpecification\",\"valueRequired\":true,\"valueName\":\"search_term_string\"}}],\"inLanguage\":\"en-US\"},{\"@type\":[\"Person\",\"Organization\"],\"@id\":\"https:\\\/\\\/abora.eu\\\/#\\\/schema\\\/person\\\/953dad30d10fa7d560bb90cff0494e14\",\"name\":\"Dominique G\u00f6rlitz\",\"image\":{\"@type\":\"ImageObject\",\"inLanguage\":\"en-US\",\"@id\":\"https:\\\/\\\/abora.eu\\\/wp-content\\\/uploads\\\/Logo-1.png\",\"url\":\"https:\\\/\\\/abora.eu\\\/wp-content\\\/uploads\\\/Logo-1.png\",\"contentUrl\":\"https:\\\/\\\/abora.eu\\\/wp-content\\\/uploads\\\/Logo-1.png\",\"width\":1371,\"height\":1284,\"caption\":\"Dominique G\u00f6rlitz\"},\"logo\":{\"@id\":\"https:\\\/\\\/abora.eu\\\/wp-content\\\/uploads\\\/Logo-1.png\"}},{\"@type\":\"Person\",\"@id\":\"https:\\\/\\\/abora.eu\\\/#\\\/schema\\\/person\\\/c37415d8b141bbd16b9c4cef2aee8a71\",\"name\":\"Dorit Temme\",\"image\":{\"@type\":\"ImageObject\",\"inLanguage\":\"en-US\",\"@id\":\"https:\\\/\\\/secure.gravatar.com\\\/avatar\\\/1ecf760ac5b3b89193b37bba489f2909fb65356863ec4d8eb2bf4ead545ca0fc?s=96&d=mm&r=g\",\"url\":\"https:\\\/\\\/secure.gravatar.com\\\/avatar\\\/1ecf760ac5b3b89193b37bba489f2909fb65356863ec4d8eb2bf4ead545ca0fc?s=96&d=mm&r=g\",\"contentUrl\":\"https:\\\/\\\/secure.gravatar.com\\\/avatar\\\/1ecf760ac5b3b89193b37bba489f2909fb65356863ec4d8eb2bf4ead545ca0fc?s=96&d=mm&r=g\",\"caption\":\"Dorit Temme\"},\"url\":\"https:\\\/\\\/abora.eu\\\/en\\\/author\\\/admin_temme\\\/\"}]}<\/script>\n<!-- \/ Yoast SEO plugin. -->","yoast_head_json":{"title":"Traurige Erinnerungen an ABORA I Der Brandanschlag in Auligk bei Pegau im Jahr 2000 - Mission Abora","robots":{"index":"index","follow":"follow","max-snippet":"max-snippet:-1","max-image-preview":"max-image-preview:large","max-video-preview":"max-video-preview:-1"},"canonical":"https:\/\/abora.eu\/en\/traurige-erinnerungen-an-abora\/","og_locale":"en_US","og_type":"article","og_title":"Traurige Erinnerungen an ABORA I Der Brandanschlag in Auligk bei Pegau im Jahr 2000 - Mission Abora","og_description":"Nach ihrem viel beachteten Auftritt auf der BOOT D\u00fcsseldorf im Jahr 2000 schien f\u00fcr die ABORA I ein neues Kapitel zu beginnen. Das Schilfboot, Symbol eines k\u00fchnen Forschungsansatzes, wurde auf der D\u00fcsseldorf BOAT 2000 ausgestellt \u2013 greifbar nah f\u00fcr die Menschen vor Ort. Doch nur zwei Wochen sp\u00e4ter nach ihrem R\u00fccktransport geschah das Unfassbare. In [&hellip;]","og_url":"https:\/\/abora.eu\/en\/traurige-erinnerungen-an-abora\/","og_site_name":"Mission Abora","article_published_time":"2026-04-24T13:42:57+00:00","article_modified_time":"2026-04-29T09:50:29+00:00","og_image":[{"width":1373,"height":909,"url":"https:\/\/abora.eu\/wp-content\/uploads\/Bild-05-3.webp","type":"image\/webp"}],"author":"Dorit Temme","twitter_card":"summary_large_image","twitter_misc":{"Written by":"Dorit Temme","Est. reading time":"4 minutes"},"schema":{"@context":"https:\/\/schema.org","@graph":[{"@type":"Article","@id":"https:\/\/abora.eu\/traurige-erinnerungen-an-abora\/#article","isPartOf":{"@id":"https:\/\/abora.eu\/traurige-erinnerungen-an-abora\/"},"author":{"name":"Dorit Temme","@id":"https:\/\/abora.eu\/#\/schema\/person\/c37415d8b141bbd16b9c4cef2aee8a71"},"headline":"Traurige Erinnerungen an ABORA I Der Brandanschlag in Auligk bei Pegau im Jahr 2000","datePublished":"2026-04-24T13:42:57+00:00","dateModified":"2026-04-29T09:50:29+00:00","mainEntityOfPage":{"@id":"https:\/\/abora.eu\/traurige-erinnerungen-an-abora\/"},"wordCount":518,"publisher":{"@id":"https:\/\/abora.eu\/#\/schema\/person\/953dad30d10fa7d560bb90cff0494e14"},"image":{"@id":"https:\/\/abora.eu\/traurige-erinnerungen-an-abora\/#primaryimage"},"thumbnailUrl":"https:\/\/abora.eu\/wp-content\/uploads\/Bild-05-3.webp","inLanguage":"en-US"},{"@type":"WebPage","@id":"https:\/\/abora.eu\/traurige-erinnerungen-an-abora\/","url":"https:\/\/abora.eu\/traurige-erinnerungen-an-abora\/","name":"Traurige Erinnerungen an ABORA I Der Brandanschlag in Auligk bei Pegau im Jahr 2000 - Mission Abora","isPartOf":{"@id":"https:\/\/abora.eu\/#website"},"primaryImageOfPage":{"@id":"https:\/\/abora.eu\/traurige-erinnerungen-an-abora\/#primaryimage"},"image":{"@id":"https:\/\/abora.eu\/traurige-erinnerungen-an-abora\/#primaryimage"},"thumbnailUrl":"https:\/\/abora.eu\/wp-content\/uploads\/Bild-05-3.webp","datePublished":"2026-04-24T13:42:57+00:00","dateModified":"2026-04-29T09:50:29+00:00","breadcrumb":{"@id":"https:\/\/abora.eu\/traurige-erinnerungen-an-abora\/#breadcrumb"},"inLanguage":"en-US","potentialAction":[{"@type":"ReadAction","target":["https:\/\/abora.eu\/traurige-erinnerungen-an-abora\/"]}]},{"@type":"ImageObject","inLanguage":"en-US","@id":"https:\/\/abora.eu\/traurige-erinnerungen-an-abora\/#primaryimage","url":"https:\/\/abora.eu\/wp-content\/uploads\/Bild-05-3.webp","contentUrl":"https:\/\/abora.eu\/wp-content\/uploads\/Bild-05-3.webp","width":1373,"height":909},{"@type":"BreadcrumbList","@id":"https:\/\/abora.eu\/traurige-erinnerungen-an-abora\/#breadcrumb","itemListElement":[{"@type":"ListItem","position":1,"name":"Start","item":"https:\/\/abora.eu\/"},{"@type":"ListItem","position":2,"name":"Traurige Erinnerungen an ABORA I Der Brandanschlag in Auligk bei Pegau im Jahr 2000"}]},{"@type":"WebSite","@id":"https:\/\/abora.eu\/#website","url":"https:\/\/abora.eu\/","name":"Mission Abora","description":"","publisher":{"@id":"https:\/\/abora.eu\/#\/schema\/person\/953dad30d10fa7d560bb90cff0494e14"},"potentialAction":[{"@type":"SearchAction","target":{"@type":"EntryPoint","urlTemplate":"https:\/\/abora.eu\/?s={search_term_string}"},"query-input":{"@type":"PropertyValueSpecification","valueRequired":true,"valueName":"search_term_string"}}],"inLanguage":"en-US"},{"@type":["Person","Organization"],"@id":"https:\/\/abora.eu\/#\/schema\/person\/953dad30d10fa7d560bb90cff0494e14","name":"Dominique G\u00f6rlitz","image":{"@type":"ImageObject","inLanguage":"en-US","@id":"https:\/\/abora.eu\/wp-content\/uploads\/Logo-1.png","url":"https:\/\/abora.eu\/wp-content\/uploads\/Logo-1.png","contentUrl":"https:\/\/abora.eu\/wp-content\/uploads\/Logo-1.png","width":1371,"height":1284,"caption":"Dominique G\u00f6rlitz"},"logo":{"@id":"https:\/\/abora.eu\/wp-content\/uploads\/Logo-1.png"}},{"@type":"Person","@id":"https:\/\/abora.eu\/#\/schema\/person\/c37415d8b141bbd16b9c4cef2aee8a71","name":"Dorit Temme","image":{"@type":"ImageObject","inLanguage":"en-US","@id":"https:\/\/secure.gravatar.com\/avatar\/1ecf760ac5b3b89193b37bba489f2909fb65356863ec4d8eb2bf4ead545ca0fc?s=96&d=mm&r=g","url":"https:\/\/secure.gravatar.com\/avatar\/1ecf760ac5b3b89193b37bba489f2909fb65356863ec4d8eb2bf4ead545ca0fc?s=96&d=mm&r=g","contentUrl":"https:\/\/secure.gravatar.com\/avatar\/1ecf760ac5b3b89193b37bba489f2909fb65356863ec4d8eb2bf4ead545ca0fc?s=96&d=mm&r=g","caption":"Dorit Temme"},"url":"https:\/\/abora.eu\/en\/author\/admin_temme\/"}]}},"_links":{"self":[{"href":"https:\/\/abora.eu\/en\/wp-json\/wp\/v2\/posts\/4261","targetHints":{"allow":["GET"]}}],"collection":[{"href":"https:\/\/abora.eu\/en\/wp-json\/wp\/v2\/posts"}],"about":[{"href":"https:\/\/abora.eu\/en\/wp-json\/wp\/v2\/types\/post"}],"author":[{"embeddable":true,"href":"https:\/\/abora.eu\/en\/wp-json\/wp\/v2\/users\/3"}],"replies":[{"embeddable":true,"href":"https:\/\/abora.eu\/en\/wp-json\/wp\/v2\/comments?post=4261"}],"version-history":[{"count":10,"href":"https:\/\/abora.eu\/en\/wp-json\/wp\/v2\/posts\/4261\/revisions"}],"predecessor-version":[{"id":4281,"href":"https:\/\/abora.eu\/en\/wp-json\/wp\/v2\/posts\/4261\/revisions\/4281"}],"wp:featuredmedia":[{"embeddable":true,"href":"https:\/\/abora.eu\/en\/wp-json\/wp\/v2\/media\/4262"}],"wp:attachment":[{"href":"https:\/\/abora.eu\/en\/wp-json\/wp\/v2\/media?parent=4261"}],"wp:term":[{"taxonomy":"category","embeddable":true,"href":"https:\/\/abora.eu\/en\/wp-json\/wp\/v2\/categories?post=4261"},{"taxonomy":"post_tag","embeddable":true,"href":"https:\/\/abora.eu\/en\/wp-json\/wp\/v2\/tags?post=4261"}],"curies":[{"name":"wp","href":"https:\/\/api.w.org\/{rel}","templated":true}]}}